{"id":1431,"date":"2011-09-30T00:00:00","date_gmt":"2011-09-30T00:00:00","guid":{"rendered":"http:\/\/mimastech.pl\/wordpress2\/?p=1431"},"modified":"2011-09-30T00:00:00","modified_gmt":"2011-09-30T00:00:00","slug":"i-po-stazu","status":"publish","type":"post","link":"http:\/\/thekfiles.pl\/?p=1431","title":{"rendered":"I po sta\u017cu"},"content":{"rendered":"<p>Licznik po lewej stronie bloga by\u0142 ustawiony do 13, wi\u0119c jeszcze chwilka, ale zd\u0105\u017cy\u0142am wr\u00f3ci\u0107 ju\u017c do domu po do\u015b\u0107 owocnej pracy, cho\u0107 z chwil\u0105 stresu &#8211; matula usiad\u0142a na fotelu i przypadek by\u0142 niespecjalnie zach\u0119caj\u0105cy.<\/p>\n<p>Imprezowania nie by\u0142o. Mo\u017ce przywioz\u0119 jakie\u015b ciasto w poniedzia\u0142ek. Nowej umowy nie mam jeszcze podpisanej, ale pacjenci s\u0105 zapisani, wi\u0119c mo\u017ce w przysz\u0142ym tygodniu wszystko si\u0119 wyja\u015bni.<\/p>\n<p>B\u0119dzie inaczej?<\/p>\n<p>Nie. Tylko za dwa tygodnie b\u0119d\u0119 mia\u0142a prawo wypisywa\u0107 w\u0142asne recepty, a nie bra\u0107 druczki od szefa.<\/p>\n<p>Trz\u0119sienia ziemi i urlopu bezp\u0142atnego niet.<\/p>\n<p>Niniejszym zako\u0144czy\u0142am &#8222;akademicki&#8221; etap szkolenia zawodowego.<\/p>\n","protected":false},"excerpt":{"rendered":"<p>Licznik po lewej stronie bloga by\u0142 ustawiony do 13, wi\u0119c jeszcze chwilka, ale zd\u0105\u017cy\u0142am wr\u00f3ci\u0107 ju\u017c do domu po do\u015b\u0107 owocnej pracy, cho\u0107 z chwil\u0105 stresu &#8211; matula usiad\u0142a na fotelu i przypadek by\u0142 niespecjalnie zach\u0119caj\u0105cy. Imprezowania nie by\u0142o. Mo\u017ce przywioz\u0119 jakie\u015b ciasto w poniedzia\u0142ek. Nowej umowy nie mam jeszcze podpisanej, ale pacjenci s\u0105 zapisani, [&hellip;]<\/p>\n","protected":false},"author":2,"featured_media":0,"comment_status":"open","ping_status":"open","sticky":false,"template":"","format":"standard","meta":{"footnotes":""},"categories":[2,6],"tags":[18,127,155],"class_list":["post-1431","post","type-post","status-publish","format-standard","hentry","category-archiwum","category-praca","tag-archiwalne","tag-praca-2","tag-staz"],"_links":{"self":[{"href":"http:\/\/thekfiles.pl\/index.php?rest_route=\/wp\/v2\/posts\/1431","targetHints":{"allow":["GET"]}}],"collection":[{"href":"http:\/\/thekfiles.pl\/index.php?rest_route=\/wp\/v2\/posts"}],"about":[{"href":"http:\/\/thekfiles.pl\/index.php?rest_route=\/wp\/v2\/types\/post"}],"author":[{"embeddable":true,"href":"http:\/\/thekfiles.pl\/index.php?rest_route=\/wp\/v2\/users\/2"}],"replies":[{"embeddable":true,"href":"http:\/\/thekfiles.pl\/index.php?rest_route=%2Fwp%2Fv2%2Fcomments&post=1431"}],"version-history":[{"count":0,"href":"http:\/\/thekfiles.pl\/index.php?rest_route=\/wp\/v2\/posts\/1431\/revisions"}],"wp:attachment":[{"href":"http:\/\/thekfiles.pl\/index.php?rest_route=%2Fwp%2Fv2%2Fmedia&parent=1431"}],"wp:term":[{"taxonomy":"category","embeddable":true,"href":"http:\/\/thekfiles.pl\/index.php?rest_route=%2Fwp%2Fv2%2Fcategories&post=1431"},{"taxonomy":"post_tag","embeddable":true,"href":"http:\/\/thekfiles.pl\/index.php?rest_route=%2Fwp%2Fv2%2Ftags&post=1431"}],"curies":[{"name":"wp","href":"https:\/\/api.w.org\/{rel}","templated":true}]}}