{"id":1428,"date":"2011-03-03T00:00:00","date_gmt":"2011-03-03T00:00:00","guid":{"rendered":"http:\/\/mimastech.pl\/wordpress2\/?p=1428"},"modified":"2011-03-03T00:00:00","modified_gmt":"2011-03-03T00:00:00","slug":"gadajacy-dentysta","status":"publish","type":"post","link":"http:\/\/thekfiles.pl\/?p=1428","title":{"rendered":"Gadaj\u0105cy dentysta"},"content":{"rendered":"<p>Ja nim nie jestem. O ile na fotelu nie siedzi dziecko, kt\u00f3re zachowuje si\u0119 spokojniej, je\u015bli mu m\u00f3wi\u0119, co robi\u0119, co bior\u0119 do r\u0119ki, do czego to s\u0142u\u017cy i w og\u00f3le o co biega. Z doros\u0142ymi rozmawia\u0107 nie potrafi\u0119. Ale mo\u017ce si\u0119 naucz\u0119 kiedy\u015b. Na razie pozostaj\u0119 przy \u015bpiewaniu za kierownic\u0105, przy fotelu koncentruj\u0119 si\u0119 wy\u0142\u0105cznie na zabiegu.<\/p>\n<p>Ale dla Was ma\u0142a sonda. Taki blog z letka interaktywny.<\/p>\n<p>      <span style=\"font-family: Verdana;color: #ffffff;font-size: x-small\"><strong>SONDA<\/strong><\/span>  <span style=\"font-family: Verdana;color: #000000;font-size: x-small\"><strong>Czy lubisz, jak dentysta podczas zabiegu do Ciebie m\u00f3wi?<\/strong><\/span><\/p>\n<p> <span style=\"font-family: Verdana;color: #000000;font-size: x-small\">Tak.<\/span>  <span style=\"font-family: Verdana;color: #000000;font-size: x-small\">Nie.<\/span>  <span style=\"font-family: Verdana;color: #000000;font-size: x-small\">Zale\u017cy, co m\u00f3wi.<\/span>  <span style=\"font-family: Verdana;color: #000000;font-size: x-small\">Zale\u017cy, czy mog\u0119 odpowiedzie\u0107.<\/span> <br \/><a href=\"http:\/\/www.sonda.pl\/wyniki.php3?id=603407&amp;uid=336480\">Zobacz wyniki<\/a>    <\/p>\n<p>Dzisiaj trzecia w tym tygodniu popo\u0142udni\u00f3wka. W pi\u0105tek mam na rano, wi\u0119c pewnie dopiero w sobot\u0119 ode\u015bpi\u0119 te maratony. Z drugiej strony dzi\u015b mia\u0142am budzik nastawiony na 9, a wsta\u0142am chwilk\u0119 przed \u00f3sm\u0105 :(.<\/p>\n","protected":false},"excerpt":{"rendered":"<p>Ja nim nie jestem. O ile na fotelu nie siedzi dziecko, kt\u00f3re zachowuje si\u0119 spokojniej, je\u015bli mu m\u00f3wi\u0119, co robi\u0119, co bior\u0119 do r\u0119ki, do czego to s\u0142u\u017cy i w og\u00f3le o co biega. Z doros\u0142ymi rozmawia\u0107 nie potrafi\u0119. Ale mo\u017ce si\u0119 naucz\u0119 kiedy\u015b. Na razie pozostaj\u0119 przy \u015bpiewaniu za kierownic\u0105, przy fotelu koncentruj\u0119 si\u0119 [&hellip;]<\/p>\n","protected":false},"author":2,"featured_media":0,"comment_status":"open","ping_status":"open","sticky":false,"template":"","format":"standard","meta":{"footnotes":""},"categories":[2,6],"tags":[18,127],"class_list":["post-1428","post","type-post","status-publish","format-standard","hentry","category-archiwum","category-praca","tag-archiwalne","tag-praca-2"],"_links":{"self":[{"href":"http:\/\/thekfiles.pl\/index.php?rest_route=\/wp\/v2\/posts\/1428","targetHints":{"allow":["GET"]}}],"collection":[{"href":"http:\/\/thekfiles.pl\/index.php?rest_route=\/wp\/v2\/posts"}],"about":[{"href":"http:\/\/thekfiles.pl\/index.php?rest_route=\/wp\/v2\/types\/post"}],"author":[{"embeddable":true,"href":"http:\/\/thekfiles.pl\/index.php?rest_route=\/wp\/v2\/users\/2"}],"replies":[{"embeddable":true,"href":"http:\/\/thekfiles.pl\/index.php?rest_route=%2Fwp%2Fv2%2Fcomments&post=1428"}],"version-history":[{"count":0,"href":"http:\/\/thekfiles.pl\/index.php?rest_route=\/wp\/v2\/posts\/1428\/revisions"}],"wp:attachment":[{"href":"http:\/\/thekfiles.pl\/index.php?rest_route=%2Fwp%2Fv2%2Fmedia&parent=1428"}],"wp:term":[{"taxonomy":"category","embeddable":true,"href":"http:\/\/thekfiles.pl\/index.php?rest_route=%2Fwp%2Fv2%2Fcategories&post=1428"},{"taxonomy":"post_tag","embeddable":true,"href":"http:\/\/thekfiles.pl\/index.php?rest_route=%2Fwp%2Fv2%2Ftags&post=1428"}],"curies":[{"name":"wp","href":"https:\/\/api.w.org\/{rel}","templated":true}]}}