{"id":1415,"date":"2012-03-21T00:00:00","date_gmt":"2012-03-21T00:00:00","guid":{"rendered":"http:\/\/mimastech.pl\/wordpress2\/?p=1415"},"modified":"2012-03-21T00:00:00","modified_gmt":"2012-03-21T00:00:00","slug":"druga-praca","status":"publish","type":"post","link":"http:\/\/thekfiles.pl\/?p=1415","title":{"rendered":"Druga praca"},"content":{"rendered":"<p>Przygod\u0119 zaczn\u0119 6- lub 12-godzinnym dy\u017curem w nast\u0119pn\u0105 niedziel\u0119 (co b\u0119dzie urocze, bo p\u00f3\u017aniej poniedzia\u0142ek i wtorek w ca\u0142o\u015bci sp\u0119dz\u0119 w pracy nr 1 &#8211; witaj, ci\u0119\u017cka praco, koniec opieprzania si\u0119). W perspektywie tyle samo czasu sp\u0119dzonego w kt\u00f3ry\u015b dzie\u0144 \u015bwi\u0105teczny. O moim nieodwo\u0142alnym urlopie w czerwcu na razie nie by\u0142o mowy. Przyznam si\u0119 pod koniec kwietnia.<\/p>\n<p>Na razie w pi\u0105tek telefon firmowy b\u0119dzie prawie w centrum zainteresowania. Prawie, bo mam jeszcze \u017cycie osobiste ;). Dowiem si\u0119, kt\u00f3ry wariant jest aktualny. Wola\u0142abym ten kr\u00f3tszy&#8230;<\/p>\n<p>I mo\u017ce si\u0119 czego\u015b w ko\u0144cu z protetyki naucz\u0119. Trza nabra\u0107 odwagi. Szefowa w pracy nr 2 chyba mnie na pocz\u0105tku nie pogryzie&#8230;<\/p>\n<p>Z innych wie\u015bci, dzisiaj chyba odwiedzi\u0142a nas pani doktor, pod kt\u00f3rej skrzyd\u0142ami mia\u0142am dwa tygodnie praktyk na internie po 3 roku studi\u00f3w. Zrobi\u0142am jej tylko przegl\u0105d, nie wiem, czy b\u0119dzie chodzi\u0107 dalej do mnie, czy do szefa. Og\u00f3lnie \u015bmiesznie.<\/p>\n<p>Dzisiaj si\u0119 ode mnie oberwa\u0142o telefonicznie matce pacjenta, kt\u00f3ry by\u0142 um\u00f3wiony na odbudow\u0119 z\u0119ba. 80 minut, mo\u017cliwy zarobek: 300 z\u0142. Pacjent oczywi\u015bcie si\u0119 nie stawi\u0142, s\u0142owem wcze\u015bniej nie pisn\u0105wszy. Zreszt\u0105 ju\u017c wcze\u015bniej robi\u0142 mi takie numery. Poprosi\u0142am o przekazanie, \u017ce ma si\u0119 zg\u0142osi\u0107, jak si\u0119 ju\u017c zdecyduje na leczenie, bo nie szanuje mojego czasu. Troch\u0119 sobie pokwit\u0142am, pasjanse porozwi\u0105zywa\u0142am&#8230;<\/p>\n<p>Nie wiem, czemu jestem zm\u0119czona, czego wyrazem jest taka sobie jako\u015b\u0107 notki. Nie dosz\u0142am do siebie po wczorajszym i dzisiaj te\u017c by\u0142o troch\u0119 emocji?<\/p>\n<p>PS.: Co\u015b si\u0119 stanie, je\u015bli si\u0119 oka\u017ce, \u017ce wzi\u0119\u0142am na faktur\u0119 co\u015b, czego sobie nie mog\u0119 jednak wliczy\u0107 w koszty?<\/p>\n","protected":false},"excerpt":{"rendered":"<p>Przygod\u0119 zaczn\u0119 6- lub 12-godzinnym dy\u017curem w nast\u0119pn\u0105 niedziel\u0119 (co b\u0119dzie urocze, bo p\u00f3\u017aniej poniedzia\u0142ek i wtorek w ca\u0142o\u015bci sp\u0119dz\u0119 w pracy nr 1 &#8211; witaj, ci\u0119\u017cka praco, koniec opieprzania si\u0119). W perspektywie tyle samo czasu sp\u0119dzonego w kt\u00f3ry\u015b dzie\u0144 \u015bwi\u0105teczny. O moim nieodwo\u0142alnym urlopie w czerwcu na razie nie by\u0142o mowy. Przyznam si\u0119 pod [&hellip;]<\/p>\n","protected":false},"author":2,"featured_media":0,"comment_status":"open","ping_status":"open","sticky":false,"template":"","format":"standard","meta":{"footnotes":""},"categories":[2,6],"tags":[18,45,125,127,143],"class_list":["post-1415","post","type-post","status-publish","format-standard","hentry","category-archiwum","category-praca","tag-archiwalne","tag-dzialalnosc-gospodarcza","tag-pogotowie-stomatologiczne","tag-praca-2","tag-rozmyslania"],"_links":{"self":[{"href":"http:\/\/thekfiles.pl\/index.php?rest_route=\/wp\/v2\/posts\/1415","targetHints":{"allow":["GET"]}}],"collection":[{"href":"http:\/\/thekfiles.pl\/index.php?rest_route=\/wp\/v2\/posts"}],"about":[{"href":"http:\/\/thekfiles.pl\/index.php?rest_route=\/wp\/v2\/types\/post"}],"author":[{"embeddable":true,"href":"http:\/\/thekfiles.pl\/index.php?rest_route=\/wp\/v2\/users\/2"}],"replies":[{"embeddable":true,"href":"http:\/\/thekfiles.pl\/index.php?rest_route=%2Fwp%2Fv2%2Fcomments&post=1415"}],"version-history":[{"count":0,"href":"http:\/\/thekfiles.pl\/index.php?rest_route=\/wp\/v2\/posts\/1415\/revisions"}],"wp:attachment":[{"href":"http:\/\/thekfiles.pl\/index.php?rest_route=%2Fwp%2Fv2%2Fmedia&parent=1415"}],"wp:term":[{"taxonomy":"category","embeddable":true,"href":"http:\/\/thekfiles.pl\/index.php?rest_route=%2Fwp%2Fv2%2Fcategories&post=1415"},{"taxonomy":"post_tag","embeddable":true,"href":"http:\/\/thekfiles.pl\/index.php?rest_route=%2Fwp%2Fv2%2Ftags&post=1415"}],"curies":[{"name":"wp","href":"https:\/\/api.w.org\/{rel}","templated":true}]}}