{"id":1413,"date":"2012-02-23T00:00:00","date_gmt":"2012-02-23T00:00:00","guid":{"rendered":"http:\/\/mimastech.pl\/wordpress2\/?p=1413"},"modified":"2012-02-23T00:00:00","modified_gmt":"2012-02-23T00:00:00","slug":"dlaczego-nie-cierpie-czwartkow","status":"publish","type":"post","link":"http:\/\/thekfiles.pl\/?p=1413","title":{"rendered":"Dlaczego nie cierpi\u0119 czwartk\u00f3w"},"content":{"rendered":"<p>Nawet poniedzia\u0142ki nie wywo\u0142uj\u0105 u mnie takiej depresji, jak czwartki. No c\u00f3\u017c, jak zaczn\u0119 przesiadywa\u0107 w pracy ca\u0142y poniedzia\u0142ek co 2-3 tygodnie, to mo\u017ce zaczn\u0119 sobie \u015bpiewa\u0107 w drodze do pracy &#8222;I don&#8217;t like Mondays&#8221;. Niewa\u017cne. Tak czy siak, czwartki napawaj\u0105 mnie cotygodniowym niepokojem.<\/p>\n<p>Mo\u017ce nie tak, jak kiedy\u015b poniedzia\u0142ki w pierwszym semestrze pi\u0105tego roku studi\u00f3w, kiedy od 8 do 10:30 mia\u0142am zaj\u0119cia z kobiet\u0105, kt\u00f3rej szczerze nie znosi\u0142am. Chodzenie spa\u0107 w niedziel\u0119 wieczorem wi\u0105za\u0142o si\u0119 z \u0142ykni\u0119t\u0105 melisk\u0105. Brr.<\/p>\n<p>No to czemu nie znosz\u0119 czwartk\u00f3w?<\/p>\n<p>Bo s\u0105 t\u0142umy w przychodni.<\/p>\n<p>Czemu s\u0105 t\u0142umy?<\/p>\n<p>Bo w \u015brody nie przyjmujemy na NFZ.<\/p>\n<p>No i?<\/p>\n<p>A w czwartek na NFZ przyjmuj\u0119 tylko ja. Po po\u0142udniu. To &#8222;d\u0142uga&#8221;, planowo sze\u015bciogodzinna zmiana, podczas kt\u00f3rej po\u0142owa ze \u015brednio 13-15 w porywach do 17 pacjent\u00f3w jest dodatkowa. Po wyj\u015bciu z pracy w czwartek jestem bardziej padni\u0119ta, ni\u017c po ca\u0142ym dniu we kiedy to po po\u0142udniu przyjmuj\u0119 niespiesznie, prywatnie. Z tego te\u017c powodu jak w ko\u0144cu zaczn\u0119 szuka\u0107 drugiej pracy, to na pewno nie na czwartek rano.<\/p>\n<p>Dobranoc.<\/p>\n","protected":false},"excerpt":{"rendered":"<p>Nawet poniedzia\u0142ki nie wywo\u0142uj\u0105 u mnie takiej depresji, jak czwartki. No c\u00f3\u017c, jak zaczn\u0119 przesiadywa\u0107 w pracy ca\u0142y poniedzia\u0142ek co 2-3 tygodnie, to mo\u017ce zaczn\u0119 sobie \u015bpiewa\u0107 w drodze do pracy &#8222;I don&#8217;t like Mondays&#8221;. Niewa\u017cne. Tak czy siak, czwartki napawaj\u0105 mnie cotygodniowym niepokojem. Mo\u017ce nie tak, jak kiedy\u015b poniedzia\u0142ki w pierwszym semestrze pi\u0105tego roku [&hellip;]<\/p>\n","protected":false},"author":2,"featured_media":0,"comment_status":"open","ping_status":"open","sticky":false,"template":"","format":"standard","meta":{"footnotes":""},"categories":[2,6],"tags":[18,127],"class_list":["post-1413","post","type-post","status-publish","format-standard","hentry","category-archiwum","category-praca","tag-archiwalne","tag-praca-2"],"_links":{"self":[{"href":"http:\/\/thekfiles.pl\/index.php?rest_route=\/wp\/v2\/posts\/1413","targetHints":{"allow":["GET"]}}],"collection":[{"href":"http:\/\/thekfiles.pl\/index.php?rest_route=\/wp\/v2\/posts"}],"about":[{"href":"http:\/\/thekfiles.pl\/index.php?rest_route=\/wp\/v2\/types\/post"}],"author":[{"embeddable":true,"href":"http:\/\/thekfiles.pl\/index.php?rest_route=\/wp\/v2\/users\/2"}],"replies":[{"embeddable":true,"href":"http:\/\/thekfiles.pl\/index.php?rest_route=%2Fwp%2Fv2%2Fcomments&post=1413"}],"version-history":[{"count":0,"href":"http:\/\/thekfiles.pl\/index.php?rest_route=\/wp\/v2\/posts\/1413\/revisions"}],"wp:attachment":[{"href":"http:\/\/thekfiles.pl\/index.php?rest_route=%2Fwp%2Fv2%2Fmedia&parent=1413"}],"wp:term":[{"taxonomy":"category","embeddable":true,"href":"http:\/\/thekfiles.pl\/index.php?rest_route=%2Fwp%2Fv2%2Fcategories&post=1413"},{"taxonomy":"post_tag","embeddable":true,"href":"http:\/\/thekfiles.pl\/index.php?rest_route=%2Fwp%2Fv2%2Ftags&post=1413"}],"curies":[{"name":"wp","href":"https:\/\/api.w.org\/{rel}","templated":true}]}}