{"id":1397,"date":"2013-02-24T00:00:00","date_gmt":"2013-02-24T00:00:00","guid":{"rendered":"http:\/\/mimastech.pl\/wordpress2\/?p=1397"},"modified":"2013-02-24T00:00:00","modified_gmt":"2013-02-24T00:00:00","slug":"apel","status":"publish","type":"post","link":"http:\/\/thekfiles.pl\/?p=1397","title":{"rendered":"Apel"},"content":{"rendered":"<p>Pewnie ju\u017c o tym pisa\u0142am.<\/p>\n<p>Na drzwiach ambulatorium Oddzia\u0142u Chirurgii Twarzowo-Szcz\u0119kowej szpitala akademickiego w Gda\u0144sku jeszcze kilka lat temu wisia\u0142a kartka z \u017c\u0105daniem, aby pacjenci przed wej\u015bciem umyli z\u0119by.<\/p>\n<p>Jeden z lekarzy po prostu si\u0119 wkurzy\u0142.<\/p>\n<p>Czasem te\u017c mam ochot\u0119 co\u015b takiego wywiesi\u0107 na drzwiach.<\/p>\n<p>Ludzie, powa\u017cnie. Czy to takie trudne? Nikomu to do g\u0142owy nie przyjdzie?<\/p>\n<p>Zatem apel (i pewnie nikt si\u0119 nie obrazi na mnie za pisanie w cudzym imieniu):<\/p>\n<p><span style=\"text-decoration: underline\">Wszyscy denty\u015bci \u0142adnie prosz\u0105 pacjent\u00f3w, aby przed wej\u015bciem na zaplanowan\u0105 wizyt\u0119 u dentysty (przed niezaplanowan\u0105 mo\u017cliwie te\u017c) owi pacjenci <strong>UMYLI Z\u0118BY.<\/strong><\/span><\/p>\n","protected":false},"excerpt":{"rendered":"<p>Pewnie ju\u017c o tym pisa\u0142am. Na drzwiach ambulatorium Oddzia\u0142u Chirurgii Twarzowo-Szcz\u0119kowej szpitala akademickiego w Gda\u0144sku jeszcze kilka lat temu wisia\u0142a kartka z \u017c\u0105daniem, aby pacjenci przed wej\u015bciem umyli z\u0119by. Jeden z lekarzy po prostu si\u0119 wkurzy\u0142. Czasem te\u017c mam ochot\u0119 co\u015b takiego wywiesi\u0107 na drzwiach. Ludzie, powa\u017cnie. Czy to takie trudne? Nikomu to do g\u0142owy [&hellip;]<\/p>\n","protected":false},"author":2,"featured_media":0,"comment_status":"open","ping_status":"open","sticky":false,"template":"","format":"standard","meta":{"footnotes":""},"categories":[2,6],"tags":[18,89,127],"class_list":["post-1397","post","type-post","status-publish","format-standard","hentry","category-archiwum","category-praca","tag-archiwalne","tag-mycie-zebow","tag-praca-2"],"_links":{"self":[{"href":"http:\/\/thekfiles.pl\/index.php?rest_route=\/wp\/v2\/posts\/1397","targetHints":{"allow":["GET"]}}],"collection":[{"href":"http:\/\/thekfiles.pl\/index.php?rest_route=\/wp\/v2\/posts"}],"about":[{"href":"http:\/\/thekfiles.pl\/index.php?rest_route=\/wp\/v2\/types\/post"}],"author":[{"embeddable":true,"href":"http:\/\/thekfiles.pl\/index.php?rest_route=\/wp\/v2\/users\/2"}],"replies":[{"embeddable":true,"href":"http:\/\/thekfiles.pl\/index.php?rest_route=%2Fwp%2Fv2%2Fcomments&post=1397"}],"version-history":[{"count":0,"href":"http:\/\/thekfiles.pl\/index.php?rest_route=\/wp\/v2\/posts\/1397\/revisions"}],"wp:attachment":[{"href":"http:\/\/thekfiles.pl\/index.php?rest_route=%2Fwp%2Fv2%2Fmedia&parent=1397"}],"wp:term":[{"taxonomy":"category","embeddable":true,"href":"http:\/\/thekfiles.pl\/index.php?rest_route=%2Fwp%2Fv2%2Fcategories&post=1397"},{"taxonomy":"post_tag","embeddable":true,"href":"http:\/\/thekfiles.pl\/index.php?rest_route=%2Fwp%2Fv2%2Ftags&post=1397"}],"curies":[{"name":"wp","href":"https:\/\/api.w.org\/{rel}","templated":true}]}}